{"dados":[{"ementa":"\u201cDISP\u00d5E SOBRE ALTERA\u00c7\u00c3O NA COMPOSI\u00c7\u00c3O DO CONSELHO MUNICIPAL DE ACOMPANHAMENTO E CONTROLE SOCIAL DO FUNDO DE MANUTEN\u00c7\u00c3O E DESENVOLVIMENTO DA EDUCA\u00c7\u00c3O B\u00c1SICA E DE VALORIZA\u00c7\u00c3O DOS PROFISSIONAIS DA EDUCA\u00c7\u00c3O \u2013 CONSELHO DO FUNDEB 2023-2026, EM CONFORMIDADE COM O ART. 212-A DA CONSTITUI\u00c7\u00c3O FEDERAL, REGULAMENTADO NA FORMA DA LEI 14.113, DE 25\/12\/2021, EM CONFORMIDADE COM A LEI 792\/2021 DE 29\/03\/2021 E LEI MUNICIPAL 2194\/2021 DE 22\/04\/2021\u201d","dataAtualizacao":"2026-04-08 15:28:06","dataInicioVigencia":null,"dataFimVigencia":null,"data":"2026-04-08","numero":2801,"categoria":"Decreto","situacao":"Em vigor","descricao":""},{"ementa":"Disp\u00f5e sobre abertura de Cr\u00e9dito Adicional Especial, e d\u00e1 outras provid\u00eancias.","dataAtualizacao":"2026-03-13 13:22:15","dataInicioVigencia":null,"dataFimVigencia":null,"data":"2026-03-11","numero":2796,"categoria":"Decreto","situacao":"Em vigor","descricao":""},{"ementa":"Disp\u00f5e sobre abertura de Cr\u00e9dito Adicional Suplementar, e d\u00e1 outras provid\u00eancias.","dataAtualizacao":"2026-03-05 11:01:48","dataInicioVigencia":null,"dataFimVigencia":null,"data":"2026-03-04","numero":2794,"categoria":"Decreto","situacao":"Em vigor","descricao":""},{"ementa":"Suspende o prazo para conclus\u00e3o de obra, prevista no Decreto n\u00ba 2.615\/2023 \u0435 n\u00b0 2.616\/2023, at\u00e9 o t\u00e9rmino da fase pericial no processo n\u00b0 1001107-15.2023.8.26.0145, \u0435 prorroga o prazo para conclus\u00e3o das obras de infraestrutura por mais 12 (doze) meses, ap\u00f3s o prazo de suspens\u00e3o e da outras provid\u00eancias.","dataAtualizacao":"2026-03-05 11:04:39","dataInicioVigencia":null,"dataFimVigencia":null,"data":"2026-02-27","numero":2793,"categoria":"Decreto","situacao":"Em vigor","descricao":""},{"ementa":"Disp\u00f5e sobre abertura de Cr\u00e9dito Adicional Suplementar, e da outras providencias.","dataAtualizacao":"2026-03-05 11:12:35","dataInicioVigencia":null,"dataFimVigencia":null,"data":"2026-02-23","numero":2792,"categoria":"Decreto","situacao":"Em vigor","descricao":""},{"ementa":"DISP\u00d6E SOBRE ALTERA\u00c7\u00c3O NA COMPOSI\u00c7\u00c3O DO CONSELHO MUNICIPAL DE ACOMPANHAMENTO E CONTROLE SOCIAL DO FUNDO DE MANUTEN\u00c7\u00c3O E DESENVOLVIMENTO DA EDUCA\u00c7\u00c3O B\u00c1SICA E DE VALORIZA\u00c7\u00c3O DOS PROFISSIONAIS DA EDUCA\u00c7\u00c3O - CONSELHO DO FUNDEB 2023-2026, EM CONFORMIDADE COM O ART. 212-A DA CONSTITUI\u00c7\u00c3O FEDERAL, REGULAMENTADO NA FORMA DA LEI 14.113, DE 25\/12\/2021, EM CONFORMIDADE COM A LEI 792\/2021 DE 29\/03\/2021 E LEI MUNICIPAL 2194\/2021 DE 22\/04\/2021.","dataAtualizacao":"2026-03-13 08:48:11","dataInicioVigencia":null,"dataFimVigencia":null,"data":"2026-02-12","numero":2791,"categoria":"Decreto","situacao":"Em vigor","descricao":""},{"ementa":"Disp\u00f5e sobre abertura de Cr\u00e9dito Adicional Especial, e d\u00e1 outras provid\u00eancias.","dataAtualizacao":"2026-03-13 08:57:09","dataInicioVigencia":null,"dataFimVigencia":null,"data":"2026-02-11","numero":2790,"categoria":"Decreto","situacao":"Em vigor","descricao":""},{"ementa":"Disp\u00f5e sobre abertura de Cr\u00e9dito Adicional Especial, e d\u00e1 outras provid\u00eancias.","dataAtualizacao":"2026-03-13 08:58:55","dataInicioVigencia":null,"dataFimVigencia":null,"data":"2026-02-11","numero":2789,"categoria":"Decreto","situacao":"Em vigor","descricao":""},{"ementa":"Disp\u00f5e sobre o impedimento do Chefe do Poder Executivo para an\u00e1lise e decis\u00e3o em processo administrativo e designa o Diretor de Obras para proceder \u00e0 aprecia\u00e7\u00e3o e delibera\u00e7\u00e3o.","dataAtualizacao":"2026-03-05 11:18:40","dataInicioVigencia":null,"dataFimVigencia":null,"data":"2026-02-09","numero":2788,"categoria":"Decreto","situacao":"Em vigor","descricao":""},{"ementa":"Altera o Decreto 2.739, de 30 de setembro de 2025, e d\u00e1 outras provid\u00eancias.","dataAtualizacao":"2026-03-05 11:20:38","dataInicioVigencia":null,"dataFimVigencia":null,"data":"2026-02-09","numero":2787,"categoria":"Decreto","situacao":"Em vigor","descricao":""},{"ementa":"Disp\u00f5e sobre abertura de Cr\u00e9dito Adicional Especial, e d\u00e1 outras provid\u00eancias.","dataAtualizacao":"2026-02-06 10:01:09","dataInicioVigencia":null,"dataFimVigencia":null,"data":"2026-02-06","numero":2786,"categoria":"Decreto","situacao":"Em vigor","descricao":""},{"ementa":"Regulamenta a Lei Municipal 2.445\/2025, que cria o Programa de Atendimento ao Pequeno Produtor Rural (PROPPR), estabelecendo crit\u00e9rios para a disponibiliza\u00e7\u00e3o de maquin\u00e1rio, implementos agr\u00edcolas e d\u00e1 outras provid\u00eancias.","dataAtualizacao":"2026-02-04 12:21:13","dataInicioVigencia":null,"dataFimVigencia":null,"data":"2026-02-04","numero":2785,"categoria":"Decreto","situacao":"Em vigor","descricao":""},{"ementa":"Institui a Sala Municipal de Coordena\u00e7\u00e3o e Controle das Arboviroses.","dataAtualizacao":"2026-03-05 11:24:33","dataInicioVigencia":null,"dataFimVigencia":null,"data":"2026-01-27","numero":2784,"categoria":"Decreto","situacao":"Em vigor","descricao":""},{"ementa":"Cria, no \u00e2mbito da Administra\u00e7\u00e3o direta, equipes de trabalho d\u00e9n\u00f3minadas &#039;Brigadas contra aegypti&#039; para os fins que especifica.","dataAtualizacao":"2026-03-05 11:29:07","dataInicioVigencia":null,"dataFimVigencia":null,"data":"2026-01-27","numero":2783,"categoria":"Decreto","situacao":"Em vigor","descricao":""},{"ementa":"Disp\u00f5e sobre a proibi\u00e7\u00e3o de comercializa\u00e7\u00e3o e circula\u00e7\u00e3o de recipientes de vidro nas \u00e1reas do Centro e entorno da Pra\u00e7a da Matriz durante o Carnaval 2026 e d\u00e1 outras provid\u00eancias.","dataAtualizacao":"2026-03-05 11:59:05","dataInicioVigencia":null,"dataFimVigencia":null,"data":"2026-01-26","numero":2782,"categoria":"Decreto","situacao":"Em vigor","descricao":""},{"ementa":"Disp\u00f5e sobre abertura de Cr\u00e9dito Adicional Suplementar, e d\u00e1 outras provid\u00eancias.","dataAtualizacao":"2026-03-13 09:01:23","dataInicioVigencia":null,"dataFimVigencia":null,"data":"2026-01-21","numero":2781,"categoria":"Decreto","situacao":"Em vigor","descricao":""},{"ementa":"Institui a Politica Municipal de Educa\u00e7\u00e3o em Tempo Integral da Rede P\u00fablica Municipal de Ensino de Anhembi-SP na forma espec\u00edfica.","dataAtualizacao":"2026-01-30 09:11:59","dataInicioVigencia":null,"dataFimVigencia":null,"data":"2026-01-20","numero":2462,"categoria":"Lei","situacao":"Em vigor","descricao":""},{"ementa":"Disp\u00f5e sobre a revis\u00e3o geral anual e reajuste de vencimentos e sal\u00e1rios dos servidores p\u00fablicos dos Poderes Executivos e Legislativo do Munic\u00edpio de Anhembi e d\u00e1 outras provid\u00eancias.","dataAtualizacao":"2026-01-30 09:10:32","dataInicioVigencia":null,"dataFimVigencia":null,"data":"2026-01-20","numero":2461,"categoria":"Lei","situacao":"Em vigor","descricao":""},{"ementa":"Disp\u00f5e sobre abertura de Cr\u00e9dito Adicional Especial, e d\u00e1 outras provid\u00eancias.","dataAtualizacao":"2026-03-05 12:01:59","dataInicioVigencia":null,"dataFimVigencia":null,"data":"2026-01-18","numero":2779,"categoria":"Decreto","situacao":"Em vigor","descricao":""},{"ementa":"Disp\u00f5e sobre Feriados e Pontos Facultativos nas reparti\u00e7\u00f5es p\u00fablicas municipais.","dataAtualizacao":"2026-01-20 10:12:20","dataInicioVigencia":null,"dataFimVigencia":null,"data":"2026-01-14","numero":2778,"categoria":"Decreto","situacao":"Em vigor","descricao":""},{"ementa":"DISP\u00d5E SOBRE A ABERTURA DE CR\u00c9DITO ADICIONAL ESPECIAL NO OR\u00c7AMENTO VIGENTE, E DA OUTRAS PROVID\u00caNCIAS.","dataAtualizacao":"2026-01-20 09:43:55","dataInicioVigencia":null,"dataFimVigencia":null,"data":"2026-01-14","numero":2460,"categoria":"Lei","situacao":"Em vigor","descricao":""},{"ementa":"Cria Programa de Auxilio Desemprego Municipal, denominado &quot;PROJETO CRESCER&quot;, e d\u00e1 outras provid\u00eancias.","dataAtualizacao":"2026-01-20 09:25:29","dataInicioVigencia":null,"dataFimVigencia":null,"data":"2026-01-14","numero":2459,"categoria":"Lei","situacao":"Em vigor","descricao":""},{"ementa":"Autoriza a abertura de Cr\u00e9dito Adicional Especial no Or\u00e7amento Fiscal, e d\u00e1 outras provid\u00eancias. (Conv\u00eanio n\u00ba 982242\/2025 junto ao Governo Federal, Minist\u00e9rio da Integra\u00e7\u00e3o \u0435 Desenvolvimento Regional). Aquisi\u00e7\u00e3o de Motoniveladora.","dataAtualizacao":"2026-01-20 09:42:32","dataInicioVigencia":null,"dataFimVigencia":null,"data":"2026-01-14","numero":2458,"categoria":"Lei","situacao":"Em vigor","descricao":""},{"ementa":"Cria o Sistema Municipal de Defesa Civil do Munic\u00edpio de Anhembi, e d\u00e1 outras provid\u00eancias.","dataAtualizacao":"2026-01-20 09:23:23","dataInicioVigencia":null,"dataFimVigencia":null,"data":"2026-01-13","numero":2457,"categoria":"Lei","situacao":"Em vigor","descricao":""},{"ementa":"Acrescenta o par\u00e1grafo \u00fanico ao artigo 16, da Lei n\u00b0 1.367, de 23 de abril de 1997, que Disp\u00f5e sobre a Pol\u00edtica Municipal de Atendimento dos Direitos da Crian\u00e7a e do Adolescente e d\u00e1 outras provid\u00eancias.","dataAtualizacao":"2026-01-20 09:21:12","dataInicioVigencia":null,"dataFimVigencia":null,"data":"2026-01-13","numero":2456,"categoria":"Lei","situacao":"Em vigor","descricao":""},{"ementa":"Disp\u00f5e sobre abertura de Cr\u00e9dito Adicional Especial, e d\u00e1 outras provid\u00eancias.","dataAtualizacao":"2026-03-13 09:03:53","dataInicioVigencia":null,"dataFimVigencia":null,"data":"2026-01-12","numero":2780,"categoria":"Decreto","situacao":"Em vigor","descricao":""},{"ementa":"Disp\u00f5e sobre abertura de Cr\u00e9dito Adicional Suplementar, e d\u00e1 outras provid\u00eancias.","dataAtualizacao":"2026-03-05 12:06:34","dataInicioVigencia":null,"dataFimVigencia":null,"data":"2025-12-29","numero":2776,"categoria":"Decreto","situacao":"Em vigor","descricao":""},{"ementa":"Disp\u00f5e sobre abertura de Cr\u00e9dito Adicional Suplementar, e d\u00e1 outras provid\u00eancias.","dataAtualizacao":"2026-03-13 09:10:26","dataInicioVigencia":null,"dataFimVigencia":null,"data":"2025-12-22","numero":2775,"categoria":"Decreto","situacao":"Em vigor","descricao":""},{"ementa":"Disp\u00f5e sobre abertura de Cr\u00e9dito Adicional Suplementar, e d\u00e1 outras provid\u00eancias.","dataAtualizacao":"2026-03-05 12:16:48","dataInicioVigencia":null,"dataFimVigencia":null,"data":"2025-12-17","numero":2773,"categoria":"Decreto","situacao":"Em vigor","descricao":""},{"ementa":"Disp\u00f5e sobre abertura de Cr\u00e9dito Adicional Especial, e d\u00e1 outras provid\u00eancias.","dataAtualizacao":"2026-03-13 09:34:02","dataInicioVigencia":null,"dataFimVigencia":null,"data":"2025-12-16","numero":2772,"categoria":"Decreto","situacao":"Em vigor","descricao":""},{"ementa":"Disp\u00f5e sobre abertura de Cr\u00e9dito Adicional Especial, e d\u00e1 outras provid\u00eancias.","dataAtualizacao":"2026-03-13 09:37:28","dataInicioVigencia":null,"dataFimVigencia":null,"data":"2025-12-16","numero":2771,"categoria":"Decreto","situacao":"Em vigor","descricao":""},{"ementa":"Disp\u00f5e sobre abertura de Cr\u00e9dito Adicional Especial, e d\u00e1 outras provid\u00eancias.","dataAtualizacao":"2026-03-13 09:40:31","dataInicioVigencia":null,"dataFimVigencia":null,"data":"2025-12-16","numero":2770,"categoria":"Decreto","situacao":"Em vigor","descricao":""},{"ementa":"Institui e disp\u00f5e sobre a Cria\u00e7\u00e3o de um Programa de Contribui\u00e7\u00e3o Volunt\u00e1ria para causa animal por meio de boleto ao carne de IPTU, e da outras providencias.","dataAtualizacao":"2026-03-05 12:19:30","dataInicioVigencia":null,"dataFimVigencia":null,"data":"2025-12-16","numero":2769,"categoria":"Decreto","situacao":"Em vigor","descricao":""},{"ementa":"Disp\u00f5e sobre abertura de Cr\u00e9dito Adicional Suplementar, e d\u00e1 outras provid\u00eancias.","dataAtualizacao":"2026-03-05 12:21:01","dataInicioVigencia":null,"dataFimVigencia":null,"data":"2025-12-16","numero":2768,"categoria":"Decreto","situacao":"Em vigor","descricao":""},{"ementa":"Disp\u00f5e sobre abertura de Cr\u00e9dito Adicional Suplementar, e d\u00e1 outras provid\u00eancias.","dataAtualizacao":"2026-03-13 09:08:03","dataInicioVigencia":null,"dataFimVigencia":null,"data":"2025-12-15","numero":2777,"categoria":"Decreto","situacao":"Em vigor","descricao":""},{"ementa":"Disp\u00f5e sobre abertura de Cr\u00e9dito Adicional Suplementar, e d\u00e1 outras provid\u00eancias.","dataAtualizacao":"2026-03-05 12:12:18","dataInicioVigencia":null,"dataFimVigencia":null,"data":"2025-12-15","numero":2774,"categoria":"Decreto","situacao":"Em vigor","descricao":""},{"ementa":"Disp\u00f5e sobre a denomina\u00e7\u00e3o de pr\u00e9dio p\u00fablico, situado no Munic\u00edpio de Anhembi, e d\u00e1 outras provid\u00eancias.","dataAtualizacao":"2026-01-20 09:36:17","dataInicioVigencia":null,"dataFimVigencia":null,"data":"2025-12-11","numero":2452,"categoria":"Lei","situacao":"Em vigor","descricao":""},{"ementa":"Autoriza o Poder Executivo a instituir o Programa Farm\u00e1cia Cidad\u0101 -- Garantia de Medicamento Imediato, e d\u00e1 outras provid\u00eancias.","dataAtualizacao":"2026-01-20 09:34:31","dataInicioVigencia":null,"dataFimVigencia":null,"data":"2025-12-11","numero":2451,"categoria":"Lei","situacao":"Em vigor","descricao":""},{"ementa":"Autoriza a abertura de Cr\u00e9dito Adiciona Especial no or\u00e7amento fiscal, objetivando \u0430 execu\u00e7\u00e3o de despesas com recursos vinculados. (Sa\u00fade)&quot;","dataAtualizacao":"2026-01-20 09:33:00","dataInicioVigencia":null,"dataFimVigencia":null,"data":"2025-12-11","numero":2450,"categoria":"Lei","situacao":"Em vigor","descricao":""},{"ementa":"Autoriza a abertura de Cr\u00e9dito Adicional Especial no or\u00e7amento fiscal, objetivando a execu\u00e7\u00e3o de despesas com recursos vinculados (Sa\u00fade).","dataAtualizacao":"2026-01-20 09:31:40","dataInicioVigencia":null,"dataFimVigencia":null,"data":"2025-12-11","numero":2449,"categoria":"Lei","situacao":"Em vigor","descricao":""},{"ementa":"Disp\u00f5e sobre Lei Complementar n\u00ba 185\/2017 de 27 de setembro de 2017, altera a Lei Complementar 103\/09, de 09 de Dezembro de 2.009 e d\u00e1 outras provid\u00eancias.","dataAtualizacao":"2026-03-05 12:25:26","dataInicioVigencia":null,"dataFimVigencia":null,"data":"2025-12-10","numero":2766,"categoria":"Decreto","situacao":"Em vigor","descricao":""},{"ementa":"Atualiza os pre\u00e7os p\u00fablicos para Taxas de Fiscaliza\u00e7\u00e3o Sanit\u00e1ria e Servi\u00e7os Sanit\u00e1rios Diversos e d\u00e1 outras provid\u00eancias.","dataAtualizacao":"2026-03-05 12:27:11","dataInicioVigencia":null,"dataFimVigencia":null,"data":"2025-12-10","numero":2765,"categoria":"Decreto","situacao":"Em vigor","descricao":""},{"ementa":"Disp\u00f5e sobre a arrecada\u00e7\u00e3o do Imposto Predial e Territorial Urbano e d\u00e1 outras provid\u00eancias.","dataAtualizacao":"2026-03-05 12:31:02","dataInicioVigencia":null,"dataFimVigencia":null,"data":"2025-12-10","numero":2764,"categoria":"Decreto","situacao":"Em vigor","descricao":""},{"ementa":"Disp\u00f5e sobre o lan\u00e7amento e arrecada\u00e7\u00e3o da \u0422\u0430\u0445\u0430 de Licen\u00e7a, ISS fixo, ISS vari\u00e1vel do exerc\u00edcio de 2.025 que especifica e d\u00e1 outras provid\u00eancias.","dataAtualizacao":"2026-03-11 09:04:29","dataInicioVigencia":null,"dataFimVigencia":null,"data":"2025-12-10","numero":2763,"categoria":"Decreto","situacao":"Em vigor","descricao":""},{"ementa":"Disp\u00f5e sobre Lei Complementar n\u00ba104\/09 de 09 de dezembro de 2009, a atualiza\u00e7\u00e3o da Planta Gen\u00e9rica de Valores para efeito de lan\u00e7amento e cobran\u00e7a do Imposto sobre Transmiss\u00e3o Inter Vivos de Bens Im\u00f3veis a qualquer t\u00edtulo, por ato oneroso (ITBI) e d\u00e1 outras provid\u00eancia.","dataAtualizacao":"2026-03-11 09:07:17","dataInicioVigencia":null,"dataFimVigencia":null,"data":"2025-12-10","numero":2762,"categoria":"Decreto","situacao":"Em vigor","descricao":""},{"ementa":"Disp\u00f5e sobre atualiza\u00e7\u00e3o da Planta Gen\u00e9rica de Valores para efeito de lan\u00e7amento e cobran\u00e7a do Imposto Sobre a Propriedade Territorial Urbana (IPTU), do Munic\u00edpio e d\u00e1 outras provid\u00eancias.","dataAtualizacao":"2026-03-11 09:11:09","dataInicioVigencia":null,"dataFimVigencia":null,"data":"2025-12-10","numero":2761,"categoria":"Decreto","situacao":"Em vigor","descricao":""},{"ementa":"Atualiza os pre\u00e7os p\u00fablicos para Servi\u00e7os, cuja natureza n\u00e3o comporta a cobran\u00e7a de taxa, e d\u00e1 outras provid\u00eancias.","dataAtualizacao":"2026-03-11 09:18:56","dataInicioVigencia":null,"dataFimVigencia":null,"data":"2025-12-10","numero":2760,"categoria":"Decreto","situacao":"Em vigor","descricao":""},{"ementa":"Autoriza a abertura de Cr\u00e9dito Adicional Especial no Or\u00e7amento Fiscal, e d\u00e1 outras provid\u00eancias. (Pr\u00eamio Excel\u00eancia Educacional).","dataAtualizacao":"2026-01-20 09:30:09","dataInicioVigencia":null,"dataFimVigencia":null,"data":"2025-12-09","numero":2448,"categoria":"Lei","situacao":"Em vigor","descricao":""},{"ementa":"Disp\u00f5e sobre abertura de Cr\u00e9dito Adicional Suplementar, e d\u00e1 outras provid\u00eancias.","dataAtualizacao":"2026-03-05 12:22:23","dataInicioVigencia":null,"dataFimVigencia":null,"data":"2025-12-05","numero":2767,"categoria":"Decreto","situacao":"Em vigor","descricao":""},{"ementa":"Disp\u00f5e sobre abertura de Cr\u00e9dito Adicional Suplementar, e d\u00e1 outras provid\u00eancias.","dataAtualizacao":"2026-03-13 09:42:34","dataInicioVigencia":null,"dataFimVigencia":null,"data":"2025-12-05","numero":2759,"categoria":"Decreto","situacao":"Em vigor","descricao":""},{"ementa":"Disp\u00f5e sobre o Recesso nas Reparti\u00e7\u00f5es P\u00fablicas Municipais no per\u00edodo de 22 de Dezembro de 2.025 a 02 de Janeiro de 2.026 e d\u00e1 outras provid\u00eancias.","dataAtualizacao":"2026-03-13 09:43:58","dataInicioVigencia":null,"dataFimVigencia":null,"data":"2025-12-05","numero":2758,"categoria":"Decreto","situacao":"Em vigor","descricao":""},{"ementa":"Altera o inciso V, do artigo 2\u00ba do Decreto n\u00ba 2.708, de 15 de maio de 2025 e d\u00e1 outras provid\u00eancias.","dataAtualizacao":"2026-03-11 09:21:40","dataInicioVigencia":null,"dataFimVigencia":null,"data":"2025-12-05","numero":2757,"categoria":"Decreto","situacao":"Em vigor","descricao":""},{"ementa":"Disp\u00f5e sobre a nomea\u00e7\u00e3o dos novos membros e suplentes para comporem o Conselho Municipal dos Direitos da Crian\u00e7a e do Adolescente e da outras providencias e d\u00e1 outras provid\u00eancias.","dataAtualizacao":"2026-03-11 09:26:58","dataInicioVigencia":null,"dataFimVigencia":null,"data":"2025-12-03","numero":2756,"categoria":"Decreto","situacao":"Em vigor","descricao":""},{"ementa":"Disp\u00f5e sobre abertura de Cr\u00e9dito Adicional Suplementar, e d\u00e1 outras provid\u00eancias.","dataAtualizacao":"2026-03-11 09:36:17","dataInicioVigencia":null,"dataFimVigencia":null,"data":"2025-12-03","numero":2755,"categoria":"Decreto","situacao":"Em vigor","descricao":""},{"ementa":"Disp\u00f5e sobre abertura de Cr\u00e9dito Adicional Suplementar, e d\u00e1 outras provid\u00eancias.","dataAtualizacao":"2026-03-13 09:45:56","dataInicioVigencia":null,"dataFimVigencia":null,"data":"2025-12-01","numero":2754,"categoria":"Decreto","situacao":"Em vigor","descricao":""},{"ementa":"Disp\u00f5e sobre abertura de Cr\u00e9dito Adicional Suplementar, e d\u00e1 outras provid\u00eancias.","dataAtualizacao":"2026-03-11 09:38:52","dataInicioVigencia":null,"dataFimVigencia":null,"data":"2025-11-26","numero":2753,"categoria":"Decreto","situacao":"Em vigor","descricao":""},{"ementa":"Disp\u00f5e sobre abertura de Cr\u00e9dito Adicional Suplementar, e d\u00e1 outras provid\u00eancias.","dataAtualizacao":"2026-03-11 09:52:27","dataInicioVigencia":null,"dataFimVigencia":null,"data":"2025-11-19","numero":2751,"categoria":"Decreto","situacao":"Em vigor","descricao":""},{"ementa":"Disp\u00f5e sobre abertura de Cr\u00e9dito Adicional Suplementar, e d\u00e1 outras provid\u00eancias.","dataAtualizacao":"2026-03-11 09:54:31","dataInicioVigencia":null,"dataFimVigencia":null,"data":"2025-11-19","numero":2750,"categoria":"Decreto","situacao":"Em vigor","descricao":""},{"ementa":"Disp\u00f5e sobre a nomea\u00e7\u00e3o dos novos membros e suplentes para comporem o Conselho Municipal de Assist\u00eancia Social e da outras providencias e d\u00e1 outras provid\u00eancias.","dataAtualizacao":"2026-03-11 10:40:55","dataInicioVigencia":null,"dataFimVigencia":null,"data":"2025-11-10","numero":2749,"categoria":"Decreto","situacao":"Em vigor","descricao":""},{"ementa":"Disp\u00f5e sobre o ponto facultativo no dia 21 de novembro de 2.025.","dataAtualizacao":"2026-03-13 09:47:25","dataInicioVigencia":null,"dataFimVigencia":null,"data":"2025-11-06","numero":2748,"categoria":"Decreto","situacao":"Em vigor","descricao":""},{"ementa":"Disp\u00f5e sobre abertura de Cr\u00e9dito Adicional Especial, e d\u00e1 outras provid\u00eancias.","dataAtualizacao":"2026-03-13 09:48:37","dataInicioVigencia":null,"dataFimVigencia":null,"data":"2025-11-05","numero":2747,"categoria":"Decreto","situacao":"Em vigor","descricao":""},{"ementa":"Disp\u00f5e sobre abertura de Cr\u00e9dito Adicional Especial, e d\u00e1 outras provid\u00eancias.","dataAtualizacao":"2026-03-11 10:44:26","dataInicioVigencia":null,"dataFimVigencia":null,"data":"2025-11-05","numero":2746,"categoria":"Decreto","situacao":"Em vigor","descricao":""},{"ementa":"Nomeia o Presidente e Vice Presidente do Conselho Municipal dos Direitos da Crian\u00e7a e do Adolescente - CMDCA","dataAtualizacao":"2026-03-05 12:09:28","dataInicioVigencia":null,"dataFimVigencia":null,"data":"2025-10-30","numero":2745,"categoria":"Decreto","situacao":"Em vigor","descricao":""},{"ementa":"Disp\u00f5e sobre abertura de Cr\u00e9dito Adicional Suplementar, e d\u00e1 outras provid\u00eancias.","dataAtualizacao":"2026-03-11 10:55:09","dataInicioVigencia":null,"dataFimVigencia":null,"data":"2025-10-09","numero":2742,"categoria":"Decreto","situacao":"Em vigor","descricao":""},{"ementa":"Disp\u00f5e sobre abertura de Cr\u00e9dito Adicional Suplementar, e d\u00e1 outras provid\u00eancias.","dataAtualizacao":"2026-03-11 11:12:02","dataInicioVigencia":null,"dataFimVigencia":null,"data":"2025-09-30","numero":2740,"categoria":"Decreto","situacao":"Em vigor","descricao":""},{"ementa":"Disp\u00f5e sobre a nomea\u00e7\u00e3o dos membros do Conselho Municipal de Sa\u00fade.","dataAtualizacao":"2026-03-11 11:14:16","dataInicioVigencia":null,"dataFimVigencia":null,"data":"2025-09-30","numero":2739,"categoria":"Decreto","situacao":"Em vigor","descricao":""},{"ementa":"Fixa os valores para fins de utiliza\u00e7\u00e3o de espa\u00e7os p\u00fablicos pelos comerciantes eventuais e ambulantes, para o evento de comemora\u00e7\u00e3o a Nosso Senhora Aparecida, nos dias 10, 11 e 12 de setembro de 2025 e d\u00e1 outras provid\u00eancias.","dataAtualizacao":"2026-03-11 11:30:07","dataInicioVigencia":null,"dataFimVigencia":null,"data":"2025-09-29","numero":2738,"categoria":"Decreto","situacao":"Em vigor","descricao":""},{"ementa":"Disp\u00f5e sobre a renova\u00e7\u00e3o e nomea\u00e7\u00e3o dos Membros que compcor\u00e3o o Conselho Municipal de Educa\u00e7\u00e3o - CME, do Bi\u00eanio de 2025-2027 e d\u00e1 outras provid\u00eancias.","dataAtualizacao":"2026-03-11 11:33:21","dataInicioVigencia":null,"dataFimVigencia":null,"data":"2025-09-19","numero":2737,"categoria":"Decreto","situacao":"Em vigor","descricao":""},{"ementa":"Disp\u00f5e sobre abertura de Cr\u00e9dito Adicional Especial, e d\u00e1 outras provid\u00eancias.","dataAtualizacao":"2026-03-13 09:50:29","dataInicioVigencia":null,"dataFimVigencia":null,"data":"2025-09-12","numero":2735,"categoria":"Decreto","situacao":"Em vigor","descricao":""},{"ementa":"Disp\u00f5e sobre a prorroga\u00e7\u00e3o do prazo de validade do concurso p\u00fablico 001\/2023 para os empregos de Agente de Combate a Endemias, Controle Interno, Procurador Jur\u00eddico e Psic\u00f3logo da Prefeitura Municipal de Anhembi, e d\u00e1 outras provid\u00eancias.","dataAtualizacao":"2026-03-11 11:41:36","dataInicioVigencia":null,"dataFimVigencia":null,"data":"2025-09-04","numero":2734,"categoria":"Decreto","situacao":"Em vigor","descricao":""},{"ementa":"Disp\u00f5e sobre abertura de Cr\u00e9dito Adicional Suplementar, e d\u00e1 outras provid\u00eancias.","dataAtualizacao":"2026-03-13 10:37:12","dataInicioVigencia":null,"dataFimVigencia":null,"data":"2025-08-27","numero":2732,"categoria":"Decreto","situacao":"Em vigor","descricao":""},{"ementa":"DISP\u00d5E SOBRE ALTERA\u00c7\u00c3O NA COMPOSI\u00c7\u00c3O DO CONSELHO MUNICIPAL DE ACOMPANHAMENTO E CONTROLE SOCIAL DO FUNDO DE MANUTEN\u00c7\u00c3O E DESENVOLVIMENTO DA EDUCA\u00c7\u00c3O B\u00c1SICA E DE VALORIZA\u00c7\u00c3O DOS PROFISSIONAIS DA EDUCA\u00c7\u00c3O - CONSELHO DO FUNDEB 2023-2026, EM CONFORMIDADE COM O ART. 212-A D\u00c0 CONSTITUI\u00c7\u00c3O FEDERAL, REGULAMENTADO NA FORMA DA LEI 14.113, DE 25\/12\/2021, EM CONFORMIDADE COM A LEI 792\/2021 DE 29\/03\/2021 E LEI MUNICIPAL 2194\/2021 DE 22\/04\/2021.","dataAtualizacao":"2026-03-13 10:54:37","dataInicioVigencia":null,"dataFimVigencia":null,"data":"2025-08-27","numero":2731,"categoria":"Decreto","situacao":"Em vigor","descricao":""},{"ementa":"Institui o Sistema Eletr\u00f4nico de Informa\u00e7\u00f5es do Estado de S\u00e3o Paulo - SEI\/CIDADES como meio eletr\u00f4nico para a formaliza\u00e7\u00e3o de processo administrativo no \u00e2mbito da Administra\u00e7\u00e3o Direta e Indireta do Munic\u00edpio de ANHEMBI e d\u00e1 outras provid\u00eancias.","dataAtualizacao":"2026-03-13 11:04:51","dataInicioVigencia":null,"dataFimVigencia":null,"data":"2025-08-26","numero":2730,"categoria":"Decreto","situacao":"Em vigor","descricao":""},{"ementa":"Disp\u00f5e sobre abertura de Cr\u00e9dito Adicional Suplementar, e d\u00e1 outras provid\u00eancias.","dataAtualizacao":"2026-03-13 11:07:58","dataInicioVigencia":null,"dataFimVigencia":null,"data":"2025-08-22","numero":2728,"categoria":"Decreto","situacao":"Em vigor","descricao":""},{"ementa":"Disp\u00f5e sobre abertura de Cr\u00e9dito Adicional Especial, e d\u00e1 outras provid\u00eancia.","dataAtualizacao":"2026-03-13 12:02:20","dataInicioVigencia":null,"dataFimVigencia":null,"data":"2025-08-11","numero":2726,"categoria":"Decreto","situacao":"Em vigor","descricao":""},{"ementa":"Disp\u00f5e sobre abertura de Cr\u00e9dito Adicional Especial, e d\u00e1 outras provid\u00eancias.","dataAtualizacao":"2026-03-13 12:19:58","dataInicioVigencia":null,"dataFimVigencia":null,"data":"2025-08-11","numero":2725,"categoria":"Decreto","situacao":"Em vigor","descricao":""},{"ementa":"Disp\u00f5e sobre abertura de Cr\u00e9dito Adicional Especial, e d\u00e1 outras provid\u00eancias.","dataAtualizacao":"2026-03-13 12:30:58","dataInicioVigencia":null,"dataFimVigencia":null,"data":"2025-08-11","numero":2724,"categoria":"Decreto","situacao":"Em vigor","descricao":""},{"ementa":"Disp\u00f5e sobre abertura de Cr\u00e9dito Adicional Especial, e d\u00e1 outras provid\u00eancias.","dataAtualizacao":"2026-03-13 12:34:12","dataInicioVigencia":null,"dataFimVigencia":null,"data":"2025-08-11","numero":2723,"categoria":"Decreto","situacao":"Em vigor","descricao":""},{"ementa":"Disp\u00f5e sobre abertura de Cr\u00e9dito Adicional Especial, e d\u00e1 outras provid\u00eancias.","dataAtualizacao":"2026-03-13 12:38:14","dataInicioVigencia":null,"dataFimVigencia":null,"data":"2025-08-11","numero":2722,"categoria":"Decreto","situacao":"Em vigor","descricao":""},{"ementa":"Disp\u00f5e sobre abertura de Cr\u00e9dito Adicional Suplementar, e d\u00e1 outras provid\u00eancias.","dataAtualizacao":"2026-03-13 12:40:08","dataInicioVigencia":null,"dataFimVigencia":null,"data":"2025-08-11","numero":2721,"categoria":"Decreto","situacao":"Em vigor","descricao":""},{"ementa":"Disp\u00f5e sobre abertura de Cr\u00e9dito Adicional Suplementar, e d\u00e1 outras provid\u00eancias.","dataAtualizacao":"2026-03-13 12:41:38","dataInicioVigencia":null,"dataFimVigencia":null,"data":"2025-08-06","numero":2720,"categoria":"Decreto","situacao":"Em vigor","descricao":""},{"ementa":"Disp\u00f5e sobre abertura de Cr\u00e9dito Adicional Especial, e d\u00e1 outras provid\u00eancias.","dataAtualizacao":"2026-03-13 09:57:54","dataInicioVigencia":null,"dataFimVigencia":null,"data":"2025-07-29","numero":2733,"categoria":"Decreto","situacao":"Em vigor","descricao":""},{"ementa":"Disp\u00f5e sobre abertura de Cr\u00e9dito Adicional Suplementar, e d\u00e1 outras provid\u00eancias.","dataAtualizacao":"2026-03-13 12:43:53","dataInicioVigencia":null,"dataFimVigencia":null,"data":"2025-07-25","numero":2719,"categoria":"Decreto","situacao":"Em vigor","descricao":""},{"ementa":"Prorroga prazo do \u00a7I\u00b0 do artigo 2\u00b0 da Lei 2406\/2025, at\u00e9 31\/12\/2025","dataAtualizacao":"2026-03-13 12:46:02","dataInicioVigencia":null,"dataFimVigencia":null,"data":"2025-07-10","numero":2718,"categoria":"Decreto","situacao":"Em vigor","descricao":""},{"ementa":"Fica \u00eenstitu\u00edda a Comiss\u00e3o Municipal para\r\nacompanhamento das atividades do\r\nconv\u00eanio do PROJETO ESTADUAL DO\r\nLEITE- VIVALEITE\r\nprovid\u00eancias","dataAtualizacao":"2026-03-13 12:48:09","dataInicioVigencia":null,"dataFimVigencia":null,"data":"2025-07-07","numero":2717,"categoria":"Decreto","situacao":"Em vigor","descricao":""},{"ementa":"Institui a Sala Municipal de Coordena\u00e7\u00e3o e Controle das Arboviroses.","dataAtualizacao":"2026-03-13 12:55:36","dataInicioVigencia":null,"dataFimVigencia":null,"data":"2025-07-07","numero":2716,"categoria":"Decreto","situacao":"Em vigor","descricao":""},{"ementa":"Disp\u00f5e sobre abertura de Cr\u00e9dito Adicional Suplementar, e d\u00e1 outras provid\u00eancias.","dataAtualizacao":"2026-03-13 12:58:33","dataInicioVigencia":null,"dataFimVigencia":null,"data":"2025-06-18","numero":2714,"categoria":"Decreto","situacao":"Em vigor","descricao":""},{"ementa":"Disp\u00f5e sobre o ponto facultativo\r\nno dia 20 de junho de 2025","dataAtualizacao":"2026-03-20 14:07:45","dataInicioVigencia":"2025-06-14","dataFimVigencia":null,"data":"2025-06-16","numero":2713,"categoria":"Decreto","situacao":"Em vigor","descricao":""},{"ementa":"Altera o artigo 1\u00ba do Decreto 2.709\/2025, e d\u00e1 outras provid\u00eancias.","dataAtualizacao":"2026-03-13 13:00:44","dataInicioVigencia":null,"dataFimVigencia":null,"data":"2025-06-03","numero":2712,"categoria":"Decreto","situacao":"Em vigor","descricao":""},{"ementa":"Homologa Resultado Final do Processo Seletivo n\u00ba 001\/2025 realizado pelo Munic\u00edpio de Anhembi e d\u00e1 outras provid\u00eancias.","dataAtualizacao":"2026-03-13 13:02:53","dataInicioVigencia":null,"dataFimVigencia":null,"data":"2025-05-27","numero":2711,"categoria":"Decreto","situacao":"Em vigor","descricao":""},{"ementa":"Designa os membros para constitu\u00edrem o Conselho Municipal de Desenvolvimento Rural - CMDR deste munic\u00edpio de Anhembi, e d\u00e1 outras provid\u00eancias.","dataAtualizacao":"2026-03-13 13:06:15","dataInicioVigencia":null,"dataFimVigencia":null,"data":"2025-05-26","numero":2709,"categoria":"Decreto","situacao":"Em vigor","descricao":""},{"ementa":"Disp\u00f5e sobre abertura de Cr\u00e9dito Adicional Suplementar, e d\u00e1 outras provid\u00eancias.","dataAtualizacao":"2026-03-13 13:09:10","dataInicioVigencia":null,"dataFimVigencia":null,"data":"2025-04-28","numero":2707,"categoria":"Decreto","situacao":"Em vigor","descricao":""},{"ementa":"Disp\u00f5e sobre o ponto facultativo no dia 17 de abril de 2.025","dataAtualizacao":"2026-03-13 13:11:35","dataInicioVigencia":null,"dataFimVigencia":null,"data":"2025-04-16","numero":2706,"categoria":"Decreto","situacao":"Em vigor","descricao":""},{"ementa":"Disp\u00f5e sobre o ponto facultativo nas reparti\u00e7\u00f5es p\u00fablicas Municipais, nos dias 03, 04 e 05 de mar\u00e7o de 2.025","dataAtualizacao":"2026-03-13 13:13:37","dataInicioVigencia":null,"dataFimVigencia":null,"data":"2025-02-28","numero":2702,"categoria":"Decreto","situacao":"Em vigor","descricao":""},{"ementa":"Revoga o Decreto 2.701, de 20\/02\/2025 e Nomeia os Membros que compor\u00e3o o Conselho. Municipal de Turismo de Anhembi - COMTUR e d\u00e1 outras provid\u00eancias.","dataAtualizacao":"2026-03-13 13:15:17","dataInicioVigencia":null,"dataFimVigencia":null,"data":"2025-02-20","numero":2701,"categoria":"Decreto","situacao":"Em vigor","descricao":""},{"ementa":"Disp\u00f6e sobre Feriados e Pontos Facultativos nas reparti\u00e7\u00f5es p\u00fablicas municipais.","dataAtualizacao":"2026-03-13 13:19:03","dataInicioVigencia":null,"dataFimVigencia":null,"data":"2025-01-06","numero":2698,"categoria":"Decreto","situacao":"Em vigor","descricao":""}]}